[{"@context":"https:\/\/schema.org\/","@type":"Article","@id":"https:\/\/www.gepardo.cz\/den-bez-televize-a-radia\/#Article","mainEntityOfPage":"https:\/\/www.gepardo.cz\/den-bez-televize-a-radia\/","headline":"Den bez televize a r\u00e1dia","name":"Den bez televize a r\u00e1dia","description":"N\u011bkdy m\u00e1m takov\u00fd pocit, \u017ee opravdu sly\u0161\u00edm po\u0159\u00e1d jenom sam\u00e9 slovo politika. Samoz\u0159ejm\u011b v\u011b\u0159\u00edm, \u017ee slovo politika je opravdu velice d\u016fle\u017eit\u00e9, proto\u017ee opravdu o tom m\u016f\u017eeme sly\u0161et naprosto ka\u017ed\u00fd den, a to \u00fapln\u011b kdekoliv, jak v televizi, v r\u00e1diu, tak\u00e9 samoz\u0159ejm\u011b od lid\u00ed, kter\u00e9 b\u011b\u017en\u011b potk\u00e1v\u00e1me na ulici. Ka\u017ed\u00fd \u010dlov\u011bk se prost\u011b bav\u00ed o \u010demkoliv [&hellip;]","datePublished":"2024-06-25","dateModified":"2024-06-25","author":{"@type":"Person","@id":"https:\/\/www.gepardo.cz\/author\/#Person","name":"","url":"https:\/\/www.gepardo.cz\/author\/","identifier":1,"image":{"@type":"ImageObject","@id":"https:\/\/secure.gravatar.com\/avatar\/4e6a74466e4227c12d5306875d08720cdfce3572213740db6f4a2e5e46e710ff?s=96&d=mm&r=g","url":"https:\/\/secure.gravatar.com\/avatar\/4e6a74466e4227c12d5306875d08720cdfce3572213740db6f4a2e5e46e710ff?s=96&d=mm&r=g","height":96,"width":96}},"publisher":{"@type":"Organization","name":"gepardo.cz","logo":{"@type":"ImageObject","@id":"\/logo.png","url":"\/logo.png","width":600,"height":60}},"image":{"@type":"ImageObject","@id":"https:\/\/www.gepardo.cz\/wp-content\/uploads\/letters-286541_640_7.jpg","url":"https:\/\/www.gepardo.cz\/wp-content\/uploads\/letters-286541_640_7.jpg","height":0,"width":0},"url":"https:\/\/www.gepardo.cz\/den-bez-televize-a-radia\/","about":["Politika"],"wordCount":442,"articleBody":"N\u011bkdy m\u00e1m takov\u00fd pocit, \u017ee opravdu sly\u0161\u00edm po\u0159\u00e1d jenom sam\u00e9 slovo politika. Samoz\u0159ejm\u011b v\u011b\u0159\u00edm, \u017ee slovo politika je opravdu velice d\u016fle\u017eit\u00e9, proto\u017ee opravdu o tom m\u016f\u017eeme sly\u0161et naprosto ka\u017ed\u00fd den, a to \u00fapln\u011b kdekoliv, jak v televizi, v r\u00e1diu, tak\u00e9 samoz\u0159ejm\u011b od lid\u00ed, kter\u00e9 b\u011b\u017en\u011b potk\u00e1v\u00e1me na ulici. Ka\u017ed\u00fd \u010dlov\u011bk se prost\u011b bav\u00ed o \u010demkoliv a je \u00fapln\u011b jedno, jak\u00e9 r\u016fzn\u00e9 t\u00e9ma. To j\u00e1 ale v\u011bt\u0161inou i \u010dasto sly\u0161\u00edm, \u017ee opravdu ti lid\u00e9 se o t\u00e9 politice bav\u00ed, co t\u0159eba sly\u0161eli, co zaslechli v r\u00e1diu, v televizi. Takhle to opravdu norm\u00e1ln\u011b b\u00fdv\u00e1. Rozhodn\u011b si mysl\u00edm, \u017ee kdy\u017e u\u017e je to takov\u00e9 p\u0159ehnan\u00e9 a u\u017e se o tom bav\u00ed \u010dlov\u011bk n\u011bkolikr\u00e1t po sob\u011b, tak je to opravdu a\u017e takov\u00e9 deprimuj\u00edc\u00ed. Sice ch\u00e1pu, \u017ee samoz\u0159ejm\u011b slovo politika je opravdu velice d\u016fle\u017eit\u00e9 slovo, proto\u017ee opravdu politici v\u0161echno za n\u00e1s rozhoduj\u00ed, vylep\u0161uj\u00ed a samoz\u0159ejm\u011b ur\u010dit\u011b se to t\u00fdk\u00e1 n\u00e1s v\u0161ech. Kdybychom ale opravdu poslouchali jenom sam\u00e9 slovo politika a ka\u017ed\u00fd den to \u0159e\u0161ili, tak bychom opravdu nic jin\u00e9ho nemohli d\u011blat. To bychom se nemohli starat o d\u011bti, nemohli bychom \u017e\u00edt takov\u00fd ten d\u016fstojn\u00fd \u017eivot, proto\u017ee po\u0159\u00e1d to slovo politika by n\u00e1s prost\u011b znerv\u00f3z\u0148ovalo. Co t\u0159eba n\u011bkdy se zamyslet nad t\u00edm, abychom opravdu nad t\u00edm slovem politika nic ne\u0159e\u0161ili? Opravdu n\u011bkdy je pot\u0159eba, kdy\u017e na to i zapomeneme a jeden den si u\u017eijeme v\u00e1\u017en\u011b jenom pro sebe. Rozhodn\u011b n\u011bkdy vyzkou\u0161ejte za\u017e\u00edt i den bez televize a bez r\u00e1dia. V\u011b\u0159te mi opravdu, kdy\u017e to ud\u011bl\u00e1te, tak v\u011b\u0159te, \u017ee nic neusly\u0161\u00edte, co se d\u011bje kolem v\u00e1s, co se stalo, co se d\u011bje v politice. A opravdu v\u011b\u0159te, \u017ee si ten \u017eivot u\u017eijete mnohem v\u00edc ten den, ne\u017e kdy\u017e opravdu Po\u0159\u00e1d v tom d\u011bn\u00ed n\u011bco sly\u0161\u00edte. Opravdu v\u011b\u0159te, \u017ee to m\u00e1 velk\u00fd \u00fa\u010dinek, ale samoz\u0159ejm\u011b ne\u0159\u00edk\u00e1m, abyste to d\u011blali ka\u017ed\u00fd den. Ale kdy\u017e si tak jednou, dvakr\u00e1t do m\u011bs\u00edce tohle odpust\u00edte, abyste si nepustili televizi, r\u00e1dio nebo vy\u0161li n\u011bkam ven na ulici, tak opravdu v\u011b\u0159te, \u017ee to m\u00e1 velk\u00fd \u00fa\u010dinek a \u017ee opravdu zapomenete chv\u00edli na to, co se kolem v\u00e1s prost\u011b d\u011bje.                                                                                                                                                                                                                                                                                                                                                                                        3.3\/5 - (3 votes)        "},{"@context":"https:\/\/schema.org\/","@type":"BreadcrumbList","itemListElement":[{"@type":"ListItem","position":1,"name":"Den bez televize a r\u00e1dia","item":"https:\/\/www.gepardo.cz\/den-bez-televize-a-radia\/#breadcrumbitem"}]}]