[{"@context":"https:\/\/schema.org\/","@type":"Article","@id":"https:\/\/www.gepardo.cz\/dostat-se-uspesne-a-vcas-do-cile\/#Article","mainEntityOfPage":"https:\/\/www.gepardo.cz\/dostat-se-uspesne-a-vcas-do-cile\/","headline":"Dostat se \u00fasp\u011b\u0161n\u011b a v\u010das do c\u00edle","name":"Dostat se \u00fasp\u011b\u0161n\u011b a v\u010das do c\u00edle","description":"I tak se d\u00e1 zjednodu\u0161en\u011b popsat \u0159\u00edzen\u00ed projekt\u016f. Firma pov\u011b\u0159\u00ed pracovn\u00edka na vy\u0161\u0161\u00ed pozici, aby vedl t\u00fdm, zadan\u00fd \u00fakol a v zadan\u00e9m \u010dasov\u00e9m intervalu jej dot\u00e1hnul do zd\u00e1rn\u00e9ho konce. M\u016f\u017ee j\u00edt o nov\u00e9 \u0159e\u0161en\u00ed nab\u00eddky slu\u017eeb a produkt\u016f koncov\u00e9mu z\u00e1kazn\u00edkovi nebo taky o akci p\u0159\u00edmo uvnit\u0159 spole\u010dnosti. Ka\u017ed\u00e1 zm\u011bna p\u0159in\u00e1\u0161\u00ed n\u011bco nov\u00e9ho a m\u016f\u017ee to [&hellip;]","datePublished":"2023-07-19","dateModified":"2023-07-19","author":{"@type":"Person","@id":"https:\/\/www.gepardo.cz\/author\/#Person","name":"","url":"https:\/\/www.gepardo.cz\/author\/","identifier":1,"image":{"@type":"ImageObject","@id":"https:\/\/secure.gravatar.com\/avatar\/4e6a74466e4227c12d5306875d08720cdfce3572213740db6f4a2e5e46e710ff?s=96&d=mm&r=g","url":"https:\/\/secure.gravatar.com\/avatar\/4e6a74466e4227c12d5306875d08720cdfce3572213740db6f4a2e5e46e710ff?s=96&d=mm&r=g","height":96,"width":96}},"publisher":{"@type":"Organization","name":"gepardo.cz","logo":{"@type":"ImageObject","@id":"\/logo.png","url":"\/logo.png","width":600,"height":60}},"url":"https:\/\/www.gepardo.cz\/dostat-se-uspesne-a-vcas-do-cile\/","wordCount":242,"articleBody":"I tak se d\u00e1 zjednodu\u0161en\u011b popsat \u0159\u00edzen\u00ed projekt\u016f. Firma pov\u011b\u0159\u00ed pracovn\u00edka na vy\u0161\u0161\u00ed pozici, aby vedl t\u00fdm, zadan\u00fd \u00fakol a v zadan\u00e9m \u010dasov\u00e9m intervalu jej dot\u00e1hnul do zd\u00e1rn\u00e9ho konce. M\u016f\u017ee j\u00edt o nov\u00e9 \u0159e\u0161en\u00ed nab\u00eddky slu\u017eeb a produkt\u016f koncov\u00e9mu z\u00e1kazn\u00edkovi nebo taky o akci p\u0159\u00edmo uvnit\u0159 spole\u010dnosti. Ka\u017ed\u00e1 zm\u011bna p\u0159in\u00e1\u0161\u00ed n\u011bco nov\u00e9ho a m\u016f\u017ee to b\u00fdt hodn\u011b n\u00e1ro\u010dn\u00e9. Na takovou akci se je pot\u0159eba n\u00e1le\u017eit\u011b p\u0159ipravit a nenechat nic na n\u00e1hodu. V\u00edtan\u00e9 jsou nov\u00e9 podn\u011bty, n\u00e1pady i kompletn\u00ed \u0159e\u0161en\u00ed. K takov\u00e9mu kroku je t\u0159eba i odborn\u00e1 p\u0159\u00edprava. M\u016f\u017eete se spolehnout na poradenskou a vzd\u011bl\u00e1vac\u00ed agenturu MotivP s dvacetiletou tradic\u00ed a mno\u017estv\u00edm \u00fasp\u011b\u0161n\u00fdch klient\u016f, ze kter\u00fdch jsou dnes profesion\u00e1lov\u00e9 ve sv\u00fdch oborech.V\u00fdsledky jsou na cel\u00e9m t\u00fdmuKvalitn\u00ed a \u00fasp\u011b\u0161n\u00e9 \u0159\u00edzen\u00ed projekt\u016f nen\u00ed pouze o jednotlivci, ale o cel\u00e9m t\u00fdmu, kter\u00fd na zadan\u00e9m \u00fakolu pracuje. D\u016fle\u017eit\u00e1 je komunikace v r\u00e1mci spolupr\u00e1ce, ale taky pl\u00e1nov\u00e1n\u00ed, realizace a dota\u017een\u00ed v\u0161eho do zd\u00e1rn\u00e9ho konce. Po\u010d\u00edtat se mus\u00ed i s rizikem a my\u0161lenkou, \u017ee po\u0159\u00e1d je co zlep\u0161ovat. Ale od toho profesion\u00e1ln\u00ed kurzy jsou.                                                                                                                                                                                                                                                                                                                                                                                        4.5\/5 - (6 votes)        "},{"@context":"https:\/\/schema.org\/","@type":"BreadcrumbList","itemListElement":[{"@type":"ListItem","position":1,"name":"Dostat se \u00fasp\u011b\u0161n\u011b a v\u010das do c\u00edle","item":"https:\/\/www.gepardo.cz\/dostat-se-uspesne-a-vcas-do-cile\/#breadcrumbitem"}]}]