[{"@context":"https:\/\/schema.org\/","@type":"Article","@id":"https:\/\/www.gepardo.cz\/volba-prezidenta-je-za-nami\/#Article","mainEntityOfPage":"https:\/\/www.gepardo.cz\/volba-prezidenta-je-za-nami\/","headline":"Volba prezidenta je za n\u00e1mi","name":"Volba prezidenta je za n\u00e1mi","description":"Nejsp\u00ed\u0161 se nenajde nikdo, komu by uniklo, \u017ee se konala t\u0159et\u00ed volba prezidenta. Narozd\u00edl od p\u0159edchoz\u00edch dvou voleb n\u00e1s nyn\u00ed prov\u00e1zela \u0159ada \u00fatok\u016f z \u0159ad ob\u010dan\u016f, kte\u0159\u00ed a\u017e hystericky podporovali jednoho kandid\u00e1ta proti druh\u00e9mu. T\u011b\u017eko \u0159\u00edct, pro\u010d byly \u00fatoky v\u016f\u010di skupin\u011b lid\u00ed s odli\u0161n\u00fdm politick\u00fdm n\u00e1zorem tak agresivn\u00ed, ale v diskuz\u00edch na internetu bylo jasn\u011b [&hellip;]","datePublished":"2022-03-30","dateModified":"2023-04-25","author":{"@type":"Person","@id":"https:\/\/www.gepardo.cz\/author\/#Person","name":"","url":"https:\/\/www.gepardo.cz\/author\/","identifier":1,"image":{"@type":"ImageObject","@id":"https:\/\/secure.gravatar.com\/avatar\/4e6a74466e4227c12d5306875d08720cdfce3572213740db6f4a2e5e46e710ff?s=96&d=mm&r=g","url":"https:\/\/secure.gravatar.com\/avatar\/4e6a74466e4227c12d5306875d08720cdfce3572213740db6f4a2e5e46e710ff?s=96&d=mm&r=g","height":96,"width":96}},"publisher":{"@type":"Organization","name":"gepardo.cz","logo":{"@type":"ImageObject","@id":"\/logo.png","url":"\/logo.png","width":600,"height":60}},"image":{"@type":"ImageObject","@id":"https:\/\/www.gepardo.cz\/wp-content\/uploads\/ballot-box-geb57795ed_640_3.png","url":"https:\/\/www.gepardo.cz\/wp-content\/uploads\/ballot-box-geb57795ed_640_3.png","height":0,"width":0},"url":"https:\/\/www.gepardo.cz\/volba-prezidenta-je-za-nami\/","about":["Politika"],"wordCount":421,"articleBody":"Nejsp\u00ed\u0161 se nenajde nikdo, komu by uniklo, \u017ee se konala t\u0159et\u00ed volba prezidenta. Narozd\u00edl od p\u0159edchoz\u00edch dvou voleb n\u00e1s nyn\u00ed prov\u00e1zela \u0159ada \u00fatok\u016f z \u0159ad ob\u010dan\u016f, kte\u0159\u00ed a\u017e hystericky podporovali jednoho kandid\u00e1ta proti druh\u00e9mu. T\u011b\u017eko \u0159\u00edct, pro\u010d byly \u00fatoky v\u016f\u010di skupin\u011b lid\u00ed s odli\u0161n\u00fdm politick\u00fdm n\u00e1zorem tak agresivn\u00ed, ale v diskuz\u00edch na internetu bylo jasn\u011b vid\u011bt, \u017ee spole\u010dnost je radikalizovan\u00e1. A to nen\u00ed dob\u0159e.Ka\u017ed\u00fd m\u00e1 jin\u00fd n\u00e1zor, a tak je to v po\u0159\u00e1dku. Ale je pot\u0159eba se kv\u016fli jin\u00e9mu n\u00e1zoru opravdu nechutn\u011b ur\u00e1\u017eet a vyhro\u017eovat si? Volba se nesla v duchu obav z v\u00e1lky. Jednomu kandid\u00e1tovi je vy\u010d\u00edt\u00e1no, \u017ee \u0159ekl, \u017ee nechce j\u00edt do v\u00e1lky. Ale n\u00e1\u0161 pan premi\u00e9r u\u017e rok do m\u00e9di\u00ed hl\u00e1s\u00e1, \u017ee jsme ve v\u00e1lce, a to je po\u0159\u00e1dku\u2026? Do v\u00e1lky se snad nechce zapojit nikdo, kdo m\u00e1 v\u0161ech p\u011bt pohromad\u011b. A obavy z jej\u00edho vypuknut\u00ed na na\u0161em \u00fazem\u00ed jsou zcela na m\u00edst\u011b. Lid\u00e9 se dokonce u\u017e neshodnou ani v t\u00e9to ot\u00e1zce, a \u0159ada lid\u00ed datuje do kl\u00e1vesnice, jak je pot\u0159eba vojensky zas\u00e1hnout proti Rusku. Ot\u00e1zkou z\u016fst\u00e1v\u00e1, jestli si doty\u010dn\u00ed mysl\u00ed, \u017ee jich by se tato akce nijak nedotkla.Je zaj\u00edmav\u00e9 a Eli smutn\u00e9 sledovat, jak politika dok\u00e1\u017ee d\u011blit cel\u00fd n\u00e1rod. Ka\u017ed\u00fd m\u00e1 n\u00e1zor a m\u016f\u017ee m\u00edt jak\u00fd chce, ale ud\u00e1losti posledn\u00edch p\u00e1r let sv\u011bd\u010d\u00ed sp\u00ed\u0161 o opaku. Na ve\u0159ejnost pros\u00e1klo n\u011bkolik p\u0159\u00edpad\u016f, kdy byli lid\u00e9 vyd\u00edr\u00e1ni v pr\u00e1ci ukon\u010den\u00edm pracovn\u00edho pom\u011bru, pokud budou volit jinak, ne\u017e je p\u0159\u00edpustn\u00e9. A tito vyd\u011bra\u010di st\u00e1le trvaj\u00ed na tom, \u017ee jde o p\u0159\u00edstup, kter\u00fd je pro demokracii norm\u00e1ln\u00ed a ospravedlniteln\u00fd. Tak to ale nen\u00ed, podobn\u00e9 chov\u00e1n\u00ed se objevilo v N\u011bmecku ve t\u0159ic\u00e1t\u00fdch letech. Ka\u017ed\u00fd rok si p\u0159ipom\u00edn\u00e1me hr\u016fzy druh\u00e9 sv\u011btov\u00e9 v\u00e1lky, ale n\u011bjak rychle zapom\u00edn\u00e1me, \u017ee se podobn\u00e1 hr\u016fza m\u016f\u017ee st\u00e1t na\u0161\u00ed vinou znova. Volba prezidenta nen\u00ed jen volbou, kdy vhodn\u00fdmi l\u00edstek do urny. Je vizitkou cel\u00e9 spole\u010dnosti, a to nejen zvolenou osobou, ale p\u0159edev\u0161\u00edm chov\u00e1n\u00edm k sob\u011b navz\u00e1jem.                                                                                                                                                                                                                                                                                                                                                                                        4.5\/5 - (2 votes)        "},{"@context":"https:\/\/schema.org\/","@type":"BreadcrumbList","itemListElement":[{"@type":"ListItem","position":1,"name":"Volba prezidenta je za n\u00e1mi","item":"https:\/\/www.gepardo.cz\/volba-prezidenta-je-za-nami\/#breadcrumbitem"}]}]